{"id":2893,"date":"2021-11-25T20:16:59","date_gmt":"2021-11-25T20:16:59","guid":{"rendered":"https:\/\/www.lumarinho.com\/?p=2893"},"modified":"2021-11-25T20:34:44","modified_gmt":"2021-11-25T20:34:44","slug":"decoracao-criativa-para-o-natal","status":"publish","type":"post","link":"https:\/\/www.lumarinho.com\/en\/decoracao-criativa-para-o-natal\/","title":{"rendered":"Decora\u00e7\u00e3o criativa para o Natal"},"content":{"rendered":"<p>Oi, gente! Est\u00e1 chegando o Natal, \u00e9poca do ano que eu ADORO. Tempo de confraterniza\u00e7\u00e3o, amor, esperan\u00e7a, alegria, comida boa e troca de presentes. Uma celebra\u00e7\u00e3o que come\u00e7a muito antes do dia 25, afinal, os preparativos s\u00e3o parte da festa. Tantas coisas que precisam ser feitas que o m\u00eas passa rapidinho, a gente nem percebe! Para te dar uma ajuda em meio a essa correria, preparei algumas dicas de como fazer uma decora\u00e7\u00e3o criativa para o Natal.<\/p>\n<h2>Decora\u00e7\u00e3o natalina e as fases da vida<\/h2>\n<p><img loading=\"lazy\" decoding=\"async\" class=\"alignnone size-full wp-image-2897\" src=\"https:\/\/www.lumarinho.com\/wp-content\/uploads\/2021\/11\/decoracao-de-natal-4.jpeg\" alt=\"\" width=\"1024\" height=\"1024\" srcset=\"https:\/\/www.lumarinho.com\/wp-content\/uploads\/2021\/11\/decoracao-de-natal-4.jpeg 1024w, https:\/\/www.lumarinho.com\/wp-content\/uploads\/2021\/11\/decoracao-de-natal-4-300x300.jpeg 300w, https:\/\/www.lumarinho.com\/wp-content\/uploads\/2021\/11\/decoracao-de-natal-4-150x150.jpeg 150w, https:\/\/www.lumarinho.com\/wp-content\/uploads\/2021\/11\/decoracao-de-natal-4-768x768.jpeg 768w, https:\/\/www.lumarinho.com\/wp-content\/uploads\/2021\/11\/decoracao-de-natal-4-12x12.jpeg 12w\" sizes=\"auto, (max-width: 1024px) 100vw, 1024px\" \/><\/p>\n<p>Voc\u00eas j\u00e1 repararam como a decora\u00e7\u00e3o natalina vai mudando conforme as fases da nossa vida? Quando somos jovens geralmente celebramos o Natal na casa dos pais e tendemos a fazer decora\u00e7\u00f5es mais simples e pr\u00e1ticas, adequadas a um cotidiano agitado.<\/p>\n<p>Depois vem as crian\u00e7as e caprichamos um pouco mais, os enfeites ficam mais l\u00fadicos com profus\u00f5es de papais-no\u00e9is. Na sequ\u00eancia, chega o momento que come\u00e7amos a receber convidados para a ceia de Natal e preparamos uma decora\u00e7\u00e3o mais elaborada. Precisamos pensar na mesa, apresenta\u00e7\u00e3o dos pratos e vestir a casa toda com elementos natalinos, afinal, vamos recepcionar pessoas queridas para uma ocasi\u00e3o muito especial.<\/p>\n<p>As dicas que voc\u00ea ver\u00e1 mais abaixo v\u00e3o atender a todas essas fases da vida. Algumas s\u00e3o pr\u00e1ticas e econ\u00f4micas e outra um pouco mais sofisticadas, tudo pra te auxiliar na prepara\u00e7\u00e3o desse momento t\u00e3o especial.<\/p>\n<p>&nbsp;<\/p>\n<h2>\u00c1rvore de Natal criativa<\/h2>\n<div id='gallery-1' class='gallery galleryid-2893 gallery-columns-4 gallery-size-thumbnail'><figure class='gallery-item'>\n\t\t\t<div class='gallery-icon portrait'>\n\t\t\t\t<a href='https:\/\/www.lumarinho.com\/wp-content\/uploads\/2021\/11\/decoracao-de-natal-6.jpeg'><img loading=\"lazy\" decoding=\"async\" width=\"150\" height=\"150\" src=\"https:\/\/www.lumarinho.com\/wp-content\/uploads\/2021\/11\/decoracao-de-natal-6-150x150.jpeg\" class=\"attachment-thumbnail size-thumbnail\" alt=\"\" \/><\/a>\n\t\t\t<\/div><\/figure><figure class='gallery-item'>\n\t\t\t<div class='gallery-icon portrait'>\n\t\t\t\t<a href='https:\/\/www.lumarinho.com\/wp-content\/uploads\/2021\/11\/decoracao-de-natal-10.jpeg'><img loading=\"lazy\" decoding=\"async\" width=\"150\" height=\"150\" src=\"https:\/\/www.lumarinho.com\/wp-content\/uploads\/2021\/11\/decoracao-de-natal-10-150x150.jpeg\" class=\"attachment-thumbnail size-thumbnail\" alt=\"\" \/><\/a>\n\t\t\t<\/div><\/figure><figure class='gallery-item'>\n\t\t\t<div class='gallery-icon portrait'>\n\t\t\t\t<a href='https:\/\/www.lumarinho.com\/wp-content\/uploads\/2021\/11\/decoracao-de-natal-23.jpeg'><img loading=\"lazy\" decoding=\"async\" width=\"150\" height=\"150\" src=\"https:\/\/www.lumarinho.com\/wp-content\/uploads\/2021\/11\/decoracao-de-natal-23-150x150.jpeg\" class=\"attachment-thumbnail size-thumbnail\" alt=\"\" \/><\/a>\n\t\t\t<\/div><\/figure><figure class='gallery-item'>\n\t\t\t<div class='gallery-icon portrait'>\n\t\t\t\t<a href='https:\/\/www.lumarinho.com\/wp-content\/uploads\/2021\/11\/decoracao-de-natal-43.jpeg'><img loading=\"lazy\" decoding=\"async\" width=\"150\" height=\"150\" src=\"https:\/\/www.lumarinho.com\/wp-content\/uploads\/2021\/11\/decoracao-de-natal-43-150x150.jpeg\" class=\"attachment-thumbnail size-thumbnail\" alt=\"\" \/><\/a>\n\t\t\t<\/div><\/figure>\n\t\t<\/div>\n\n<p>A \u00e1rvore de Natal \u00e9 a estrela da decora\u00e7\u00e3o, para mim, representa o milagre da vida na terra e as bolinhas s\u00e3o os frutos, o alimento e a fertilidade. Vale qualquer tamanho, desde as pequeninas at\u00e9 as imensas, tudo depende do espa\u00e7o que voc\u00ea tem dispon\u00edvel.\u00a0 Podem ser naturais, artificiais, ali\u00e1s, n\u00e3o precisa nem ser um pinheirinho, voc\u00ea pode simplesmente decorar uma planta bonita que voc\u00ea tem a\u00ed na sua casa e criar uma vers\u00e3o \u00fanica.<\/p>\n<p>Se quiser sair do lugar-comum, poder\u00e1 criar a sua \u00e1rvore com materiais inusitados e baixo or\u00e7amento. Essas que selecionei abaixo, al\u00e9m de criativas, s\u00e3o \u00f3timas para espa\u00e7os pequenos.<\/p>\n<h4><strong>\u00c1rvore feita de pinha<\/strong><br \/>\n<a href=\"https:\/\/www.pinterest.es\/pin\/298504281551175096\/\" target=\"_blank\" rel=\"noopener\"><img loading=\"lazy\" decoding=\"async\" class=\"alignnone size-full wp-image-2931\" src=\"https:\/\/www.lumarinho.com\/wp-content\/uploads\/2021\/11\/arvore-de-pinha.jpg\" alt=\"\" width=\"563\" height=\"851\" srcset=\"https:\/\/www.lumarinho.com\/wp-content\/uploads\/2021\/11\/arvore-de-pinha.jpg 563w, https:\/\/www.lumarinho.com\/wp-content\/uploads\/2021\/11\/arvore-de-pinha-198x300.jpg 198w, https:\/\/www.lumarinho.com\/wp-content\/uploads\/2021\/11\/arvore-de-pinha-8x12.jpg 8w\" sizes=\"auto, (max-width: 563px) 100vw, 563px\" \/><\/a><\/h4>\n<h4><strong>\u00c1rvore feita galhos<\/strong><br \/>\n<a href=\"https:\/\/www.pinterest.es\/pin\/516717757257445616\/\" target=\"_blank\" rel=\"noopener\"><img loading=\"lazy\" decoding=\"async\" class=\"alignnone size-full wp-image-2932\" src=\"https:\/\/www.lumarinho.com\/wp-content\/uploads\/2021\/11\/arvore-de-galhos.jpg\" alt=\"\" width=\"564\" height=\"752\" srcset=\"https:\/\/www.lumarinho.com\/wp-content\/uploads\/2021\/11\/arvore-de-galhos.jpg 564w, https:\/\/www.lumarinho.com\/wp-content\/uploads\/2021\/11\/arvore-de-galhos-225x300.jpg 225w, https:\/\/www.lumarinho.com\/wp-content\/uploads\/2021\/11\/arvore-de-galhos-9x12.jpg 9w\" sizes=\"auto, (max-width: 564px) 100vw, 564px\" \/><\/a><\/h4>\n<h4><strong>\u00c1rvore feita suculentas<\/strong><br \/>\n<a href=\"https:\/\/www.pinterest.es\/pin\/480196379023399623\/\"><img loading=\"lazy\" decoding=\"async\" class=\"alignnone size-full wp-image-2933\" src=\"https:\/\/www.lumarinho.com\/wp-content\/uploads\/2021\/11\/arvore-suculentas.jpg\" alt=\"\" width=\"410\" height=\"650\" srcset=\"https:\/\/www.lumarinho.com\/wp-content\/uploads\/2021\/11\/arvore-suculentas.jpg 410w, https:\/\/www.lumarinho.com\/wp-content\/uploads\/2021\/11\/arvore-suculentas-189x300.jpg 189w, https:\/\/www.lumarinho.com\/wp-content\/uploads\/2021\/11\/arvore-suculentas-8x12.jpg 8w\" sizes=\"auto, (max-width: 410px) 100vw, 410px\" \/><\/a><\/h4>\n<h4><strong>\u00c1rvore feita com fotos<\/strong><br \/>\n<a href=\"https:\/\/www.pinterest.es\/pin\/355995545553308967\/\" target=\"_blank\" rel=\"noopener\"><img loading=\"lazy\" decoding=\"async\" class=\"alignnone size-full wp-image-2934\" src=\"https:\/\/www.lumarinho.com\/wp-content\/uploads\/2021\/11\/arvore-com-fotos.jpg\" alt=\"\" width=\"564\" height=\"879\" srcset=\"https:\/\/www.lumarinho.com\/wp-content\/uploads\/2021\/11\/arvore-com-fotos.jpg 564w, https:\/\/www.lumarinho.com\/wp-content\/uploads\/2021\/11\/arvore-com-fotos-192x300.jpg 192w, https:\/\/www.lumarinho.com\/wp-content\/uploads\/2021\/11\/arvore-com-fotos-8x12.jpg 8w\" sizes=\"auto, (max-width: 564px) 100vw, 564px\" \/><\/a><\/h4>\n<h4><strong>\u00c1rvore feita com livros<\/strong><br \/>\n<a href=\"https:\/\/www.pinterest.es\/pin\/175429347974711157\/\" target=\"_blank\" rel=\"noopener\"><img loading=\"lazy\" decoding=\"async\" class=\"alignnone size-full wp-image-2935\" src=\"https:\/\/www.lumarinho.com\/wp-content\/uploads\/2021\/11\/arvore-livros.jpg\" alt=\"\" width=\"540\" height=\"754\" srcset=\"https:\/\/www.lumarinho.com\/wp-content\/uploads\/2021\/11\/arvore-livros.jpg 540w, https:\/\/www.lumarinho.com\/wp-content\/uploads\/2021\/11\/arvore-livros-215x300.jpg 215w, https:\/\/www.lumarinho.com\/wp-content\/uploads\/2021\/11\/arvore-livros-9x12.jpg 9w\" sizes=\"auto, (max-width: 540px) 100vw, 540px\" \/><\/a><\/h4>\n<p>Para quem tem crian\u00e7as, vale pensar em uma \u00e1rvore de Natal que seja a cara delas. \u00c9 importante envolver os pequenos desde cedo no clima natalino, incentivando-os a ajudar na decora\u00e7\u00e3o. Dessa forma, v\u00e3o criando memorias afetivas dessa data t\u00e3o bonita, al\u00e9m do mais, eles amam esse tipo de atividade.<\/p>\n<h4><strong>\u00c1rvore Mickey<\/strong><br \/>\n<a href=\"https:\/\/www.pinterest.es\/pin\/686728643176026871\/\" target=\"_blank\" rel=\"noopener\"><img loading=\"lazy\" decoding=\"async\" class=\"alignnone size-full wp-image-2936\" src=\"https:\/\/www.lumarinho.com\/wp-content\/uploads\/2021\/11\/arvore-mickey.jpg\" alt=\"\" width=\"564\" height=\"705\" srcset=\"https:\/\/www.lumarinho.com\/wp-content\/uploads\/2021\/11\/arvore-mickey.jpg 564w, https:\/\/www.lumarinho.com\/wp-content\/uploads\/2021\/11\/arvore-mickey-240x300.jpg 240w, https:\/\/www.lumarinho.com\/wp-content\/uploads\/2021\/11\/arvore-mickey-10x12.jpg 10w\" sizes=\"auto, (max-width: 564px) 100vw, 564px\" \/><\/a><\/h4>\n<p>Para estimular as crian\u00e7as menores a participar desse momento, sugiro uma \u00e1rvore de Natal de feltro, encontrada facilmente na internet. Depois \u00e9 s\u00f3 colocar na altura delas para que possam colar e descolar os enfeites livremente.<\/p>\n<h4><strong>\u00c1rvore de feltro<\/strong><br \/>\n<a href=\"https:\/\/www.pinterest.es\/pin\/386042999317627084\/\" target=\"_blank\" rel=\"noopener\"><img loading=\"lazy\" decoding=\"async\" class=\"alignnone size-full wp-image-2937\" src=\"https:\/\/www.lumarinho.com\/wp-content\/uploads\/2021\/11\/arvore-de-feltro.jpg\" alt=\"\" width=\"564\" height=\"752\" srcset=\"https:\/\/www.lumarinho.com\/wp-content\/uploads\/2021\/11\/arvore-de-feltro.jpg 564w, https:\/\/www.lumarinho.com\/wp-content\/uploads\/2021\/11\/arvore-de-feltro-225x300.jpg 225w, https:\/\/www.lumarinho.com\/wp-content\/uploads\/2021\/11\/arvore-de-feltro-9x12.jpg 9w\" sizes=\"auto, (max-width: 564px) 100vw, 564px\" \/><\/a><\/h4>\n<p>&nbsp;<\/p>\n<p>&nbsp;<\/p>\n<h3>Como enfeitar a \u00e1rvore de Natal?<\/h3>\n<p>Essa \u00e9 uma das perguntas que as pessoas mais me fazem. Por isso vou compartilhar meus <strong>5 segredinhos pra voc\u00ea arrasar na hora de enfeitar a sua \u00e1rvore de Natal<\/strong>.<\/p>\n<p><img loading=\"lazy\" decoding=\"async\" class=\"alignnone size-full wp-image-2913\" src=\"https:\/\/www.lumarinho.com\/wp-content\/uploads\/2021\/11\/decoracao-de-natal-23.jpeg\" alt=\"\" width=\"768\" height=\"1024\" srcset=\"https:\/\/www.lumarinho.com\/wp-content\/uploads\/2021\/11\/decoracao-de-natal-23.jpeg 768w, https:\/\/www.lumarinho.com\/wp-content\/uploads\/2021\/11\/decoracao-de-natal-23-225x300.jpeg 225w, https:\/\/www.lumarinho.com\/wp-content\/uploads\/2021\/11\/decoracao-de-natal-23-9x12.jpeg 9w\" sizes=\"auto, (max-width: 768px) 100vw, 768px\" \/><\/p>\n<ul>\n<li>Escolha enfeites que sejam proporcionais ao tamanho da \u00e1rvore. Nada de botar adere\u00e7os grandes em \u00e1rvores pequenas;<\/li>\n<li>Comece colocando os pisca-piscas, tomando cuidado para esconder os fios;<\/li>\n<li>Depois \u00e9 a vez das fitas e guirlandas;<\/li>\n<li>Antes de colocar as bolinhas e os enfeites, organize todos eles por fam\u00edlia, isso \u00e9, de acordo com a cor, material ou tema;<\/li>\n<li>Distribua esses enfeiteis, come\u00e7ando pela maior fam\u00edlia, repartindo uniformemente pela \u00e1rvore. Tenha o cuidado de espalhar bem as cores para criar um visual harm\u00f4nico.<\/li>\n<\/ul>\n<p>&nbsp;<\/p>\n<h2>Como fazer guirlanda de Natal<\/h2>\n<p>A guirlanda \u00e9 uma maneira de dar boas-vindas para quem est\u00e1 chegando em nossa casa, uma forma circular que n\u00e3o tem come\u00e7o e nem fim, s\u00edmbolo de uni\u00e3o e prote\u00e7\u00e3o. Alguns acreditam que ela representa a coroa de Cristo, outros que tem a ver com o movimento solar e seus ciclos, o fato \u00e9 que s\u00e3o lindas e podem ser enfeitadas com o que a gente quiser.<\/p>\n<p><img loading=\"lazy\" decoding=\"async\" class=\"alignnone size-full wp-image-2896\" src=\"https:\/\/www.lumarinho.com\/wp-content\/uploads\/2021\/11\/decoracao-de-natal-3.jpeg\" alt=\"\" width=\"1024\" height=\"683\" srcset=\"https:\/\/www.lumarinho.com\/wp-content\/uploads\/2021\/11\/decoracao-de-natal-3.jpeg 1024w, https:\/\/www.lumarinho.com\/wp-content\/uploads\/2021\/11\/decoracao-de-natal-3-300x200.jpeg 300w, https:\/\/www.lumarinho.com\/wp-content\/uploads\/2021\/11\/decoracao-de-natal-3-768x512.jpeg 768w, https:\/\/www.lumarinho.com\/wp-content\/uploads\/2021\/11\/decoracao-de-natal-3-16x12.jpeg 16w\" sizes=\"auto, (max-width: 1024px) 100vw, 1024px\" \/><\/p>\n<p>Eu j\u00e1 fiz <a href=\"https:\/\/youtu.be\/dzYoPCtnRlM\" target=\"_blank\" rel=\"noopener\">guirlanda de carret\u00e9is de linha, bot\u00f5es e folhagem<\/a>, para hoje separei dois tutoriais, o primeiro \u00e9 uma vers\u00e3o mais tradicional, o segundo, um modelo cheio de positividade, perfeito para levar uma mensagem bacana nesses tempos dif\u00edceis.<\/p>\n<p><iframe loading=\"lazy\" title=\"YouTube video player\" src=\"https:\/\/www.youtube.com\/embed\/wOb5VlmVPwk\" width=\"560\" height=\"315\" frameborder=\"0\" allowfullscreen=\"allowfullscreen\"><\/iframe><\/p>\n<p>&nbsp;<\/p>\n<h2>Decorando a casa toda para o Natal<\/h2>\n<p><img loading=\"lazy\" decoding=\"async\" class=\"alignnone size-full wp-image-2926\" src=\"https:\/\/www.lumarinho.com\/wp-content\/uploads\/2021\/11\/decoracao-de-natal-39.jpeg\" alt=\"\" width=\"768\" height=\"1024\" srcset=\"https:\/\/www.lumarinho.com\/wp-content\/uploads\/2021\/11\/decoracao-de-natal-39.jpeg 768w, https:\/\/www.lumarinho.com\/wp-content\/uploads\/2021\/11\/decoracao-de-natal-39-225x300.jpeg 225w, https:\/\/www.lumarinho.com\/wp-content\/uploads\/2021\/11\/decoracao-de-natal-39-9x12.jpeg 9w\" sizes=\"auto, (max-width: 768px) 100vw, 768px\" \/><\/p>\n<p>Se voc\u00ea for como eu, que adora receber e ama o Natal, vai querer caprichar na decora\u00e7\u00e3o. \u00a0No v\u00eddeo abaixo mostro v\u00e1rias maneiras de decorar a casa e criar cantinhos natalinos de forma criativa, mesmo se voc\u00ea n\u00e3o quiser montar uma \u00e1rvore de Natal. N\u00e3o deixe de assistir!<\/p>\n<p><iframe loading=\"lazy\" title=\"YouTube video player\" src=\"https:\/\/www.youtube.com\/embed\/fxsgedjROvI\" width=\"560\" height=\"315\" frameborder=\"0\" allowfullscreen=\"allowfullscreen\"><\/iframe><\/p>\n<blockquote><p><strong>Dica extra:<\/strong> Uma forma muito vers\u00e1til e barata para vestir, literalmente a casa, \u00e9 trocar as capas das almofadas por vers\u00f5es com motivos natalinos.<\/p><\/blockquote>\n<h4><strong>Almofadas<\/strong><br \/>\n<a href=\"https:\/\/www.pinterest.es\/pin\/227502218668441875\/\" target=\"_blank\" rel=\"noopener\"><img loading=\"lazy\" decoding=\"async\" class=\"alignnone size-full wp-image-2938\" src=\"https:\/\/www.lumarinho.com\/wp-content\/uploads\/2021\/11\/almofadas-de-natal.jpg\" alt=\"\" width=\"563\" height=\"719\" srcset=\"https:\/\/www.lumarinho.com\/wp-content\/uploads\/2021\/11\/almofadas-de-natal.jpg 563w, https:\/\/www.lumarinho.com\/wp-content\/uploads\/2021\/11\/almofadas-de-natal-235x300.jpg 235w, https:\/\/www.lumarinho.com\/wp-content\/uploads\/2021\/11\/almofadas-de-natal-9x12.jpg 9w\" sizes=\"auto, (max-width: 563px) 100vw, 563px\" \/><\/a><\/h4>\n<p>&nbsp;<\/p>\n<p>Deu pra perceber que \u00e9 poss\u00edvel fazer uma decora\u00e7\u00e3o de Natal linda e cheia de charme mesmo com or\u00e7amento baixo, o que n\u00e3o pode \u00e9 deixar de celebrar esse momento especial, cultivar o amor e a comunh\u00e3o em fam\u00edlia.<\/p>\n<p>Agora me conta, como est\u00e3o os preparativos para o Natal a\u00ed na sua casa?<\/p>\n<p>Se voc\u00ea usar uma das minhas dicas, n\u00e3o esque\u00e7a de postar uma foto no Instagram e me marcar, vou adorar ver a sua produ\u00e7\u00e3o.<\/p>\n<p>Kisses<\/p>","protected":false},"excerpt":{"rendered":"<p>Oi, gente! Est\u00e1 chegando o Natal, \u00e9poca do ano que eu ADORO. Tempo de confraterniza\u00e7\u00e3o, amor, esperan\u00e7a, alegria, comida boa e troca de presentes. Uma celebra\u00e7\u00e3o que come\u00e7a muito antes do dia 25, afinal, os preparativos s\u00e3o parte da festa. Tantas coisas que precisam ser feitas que o m\u00eas passa rapidinho, a gente nem percebe! &hellip;<\/p>\n<p class=\"read-more\"> <a class=\"\" href=\"https:\/\/www.lumarinho.com\/en\/decoracao-criativa-para-o-natal\/\"> <span class=\"screen-reader-text\">Decora\u00e7\u00e3o criativa para o Natal<\/span> Read More \u00bb<\/a><\/p>","protected":false},"author":1,"featured_media":2894,"comment_status":"open","ping_status":"open","sticky":false,"template":"","format":"standard","meta":{"footnotes":""},"categories":[9,23,26],"tags":[],"class_list":["post-2893","post","type-post","status-publish","format-standard","has-post-thumbnail","hentry","category-decoracao","category-dicas","category-diy"],"yoast_head":"<!-- This site is optimized with the Yoast SEO plugin v17.0 - https:\/\/yoast.com\/wordpress\/plugins\/seo\/ -->\n<title>Decora\u00e7\u00e3o criativa para o Natal - Lu Marinho<\/title>\n<meta name=\"description\" content=\"NATAL \u00e9poca m\u00e1gica e maravilhosa. Nesse post preparei algumas dicas de como fazer uma decora\u00e7\u00e3o criativa para o Natal.\" \/>\n<meta name=\"robots\" content=\"index, follow, max-snippet:-1, max-image-preview:large, max-video-preview:-1\" \/>\n<link rel=\"canonical\" href=\"https:\/\/www.lumarinho.com\/en\/decoracao-criativa-para-o-natal\/\" \/>\n<meta property=\"og:locale\" content=\"en_US\" \/>\n<meta property=\"og:type\" content=\"article\" \/>\n<meta property=\"og:title\" content=\"Decora\u00e7\u00e3o criativa para o Natal - Lu Marinho\" \/>\n<meta property=\"og:description\" content=\"NATAL \u00e9poca m\u00e1gica e maravilhosa. Nesse post preparei algumas dicas de como fazer uma decora\u00e7\u00e3o criativa para o Natal.\" \/>\n<meta property=\"og:url\" content=\"https:\/\/www.lumarinho.com\/en\/decoracao-criativa-para-o-natal\/\" \/>\n<meta property=\"og:site_name\" content=\"Lu Marinho\" \/>\n<meta property=\"article:published_time\" content=\"2021-11-25T20:16:59+00:00\" \/>\n<meta property=\"article:modified_time\" content=\"2021-11-25T20:34:44+00:00\" \/>\n<meta property=\"og:image\" content=\"https:\/\/www.lumarinho.com\/wp-content\/uploads\/2021\/11\/decoracao-de-natal-1.jpeg\" \/>\n\t<meta property=\"og:image:width\" content=\"1024\" \/>\n\t<meta property=\"og:image:height\" content=\"666\" \/>\n<meta name=\"twitter:card\" content=\"summary_large_image\" \/>\n<meta name=\"twitter:label1\" content=\"Written by\" \/>\n\t<meta name=\"twitter:data1\" content=\"lumarinho@\" \/>\n\t<meta name=\"twitter:label2\" content=\"Est. reading time\" \/>\n\t<meta name=\"twitter:data2\" content=\"7 minutes\" \/>\n<script type=\"application\/ld+json\" class=\"yoast-schema-graph\">{\"@context\":\"https:\/\/schema.org\",\"@graph\":[{\"@type\":\"WebSite\",\"@id\":\"https:\/\/www.lumarinho.com\/en\/#website\",\"url\":\"https:\/\/www.lumarinho.com\/en\/\",\"name\":\"Lu Marinho\",\"description\":\"Design de Interiores\",\"potentialAction\":[{\"@type\":\"SearchAction\",\"target\":{\"@type\":\"EntryPoint\",\"urlTemplate\":\"https:\/\/www.lumarinho.com\/en\/?s={search_term_string}\"},\"query-input\":\"required name=search_term_string\"}],\"inLanguage\":\"en-US\"},{\"@type\":\"ImageObject\",\"@id\":\"https:\/\/www.lumarinho.com\/decoracao-criativa-para-o-natal\/#primaryimage\",\"inLanguage\":\"en-US\",\"url\":\"https:\/\/www.lumarinho.com\/wp-content\/uploads\/2021\/11\/decoracao-de-natal-1.jpeg\",\"contentUrl\":\"https:\/\/www.lumarinho.com\/wp-content\/uploads\/2021\/11\/decoracao-de-natal-1.jpeg\",\"width\":1024,\"height\":666},{\"@type\":\"WebPage\",\"@id\":\"https:\/\/www.lumarinho.com\/decoracao-criativa-para-o-natal\/#webpage\",\"url\":\"https:\/\/www.lumarinho.com\/decoracao-criativa-para-o-natal\/\",\"name\":\"Decora\\u00e7\\u00e3o criativa para o Natal - Lu Marinho\",\"isPartOf\":{\"@id\":\"https:\/\/www.lumarinho.com\/en\/#website\"},\"primaryImageOfPage\":{\"@id\":\"https:\/\/www.lumarinho.com\/decoracao-criativa-para-o-natal\/#primaryimage\"},\"datePublished\":\"2021-11-25T20:16:59+00:00\",\"dateModified\":\"2021-11-25T20:34:44+00:00\",\"author\":{\"@id\":\"https:\/\/www.lumarinho.com\/en\/#\/schema\/person\/fab58c38d22714411a05e404747e7a22\"},\"description\":\"NATAL \\u00e9poca m\\u00e1gica e maravilhosa. Nesse post preparei algumas dicas de como fazer uma decora\\u00e7\\u00e3o criativa para o Natal.\",\"breadcrumb\":{\"@id\":\"https:\/\/www.lumarinho.com\/decoracao-criativa-para-o-natal\/#breadcrumb\"},\"inLanguage\":\"en-US\",\"potentialAction\":[{\"@type\":\"ReadAction\",\"target\":[\"https:\/\/www.lumarinho.com\/decoracao-criativa-para-o-natal\/\"]}]},{\"@type\":\"BreadcrumbList\",\"@id\":\"https:\/\/www.lumarinho.com\/decoracao-criativa-para-o-natal\/#breadcrumb\",\"itemListElement\":[{\"@type\":\"ListItem\",\"position\":1,\"name\":\"In\\u00edcio\",\"item\":\"https:\/\/www.lumarinho.com\/en\/\"},{\"@type\":\"ListItem\",\"position\":2,\"name\":\"Decora\\u00e7\\u00e3o criativa para o Natal\"}]},{\"@type\":\"Person\",\"@id\":\"https:\/\/www.lumarinho.com\/en\/#\/schema\/person\/fab58c38d22714411a05e404747e7a22\",\"name\":\"lumarinho@\",\"image\":{\"@type\":\"ImageObject\",\"@id\":\"https:\/\/www.lumarinho.com\/en\/#personlogo\",\"inLanguage\":\"en-US\",\"url\":\"https:\/\/secure.gravatar.com\/avatar\/1575f3166e2f69085e740c323d65e663ce5d2526ed8a346477f240b68fab9835?s=96&d=mm&r=g\",\"contentUrl\":\"https:\/\/secure.gravatar.com\/avatar\/1575f3166e2f69085e740c323d65e663ce5d2526ed8a346477f240b68fab9835?s=96&d=mm&r=g\",\"caption\":\"lumarinho@\"},\"sameAs\":[\"http:\/\/lumarinho.lizart.com.br\"],\"url\":\"https:\/\/www.lumarinho.com\/en\/author\/lumarinho@\/\"}]}<\/script>\n<!-- \/ Yoast SEO plugin. -->","yoast_head_json":{"title":"Decora\u00e7\u00e3o criativa para o Natal - Lu Marinho","description":"NATAL \u00e9poca m\u00e1gica e maravilhosa. Nesse post preparei algumas dicas de como fazer uma decora\u00e7\u00e3o criativa para o Natal.","robots":{"index":"index","follow":"follow","max-snippet":"max-snippet:-1","max-image-preview":"max-image-preview:large","max-video-preview":"max-video-preview:-1"},"canonical":"https:\/\/www.lumarinho.com\/en\/decoracao-criativa-para-o-natal\/","og_locale":"en_US","og_type":"article","og_title":"Decora\u00e7\u00e3o criativa para o Natal - Lu Marinho","og_description":"NATAL \u00e9poca m\u00e1gica e maravilhosa. Nesse post preparei algumas dicas de como fazer uma decora\u00e7\u00e3o criativa para o Natal.","og_url":"https:\/\/www.lumarinho.com\/en\/decoracao-criativa-para-o-natal\/","og_site_name":"Lu Marinho","article_published_time":"2021-11-25T20:16:59+00:00","article_modified_time":"2021-11-25T20:34:44+00:00","og_image":[{"width":1024,"height":666,"url":"https:\/\/www.lumarinho.com\/wp-content\/uploads\/2021\/11\/decoracao-de-natal-1.jpeg","path":"\/srv\/app915.2d4f1d34.configr.cloud\/www\/wp-content\/uploads\/2021\/11\/decoracao-de-natal-1.jpeg","size":"full","id":2894,"alt":"","pixels":681984,"type":"image\/jpeg"}],"twitter_card":"summary_large_image","twitter_misc":{"Written by":"lumarinho@","Est. reading time":"7 minutes"},"schema":{"@context":"https:\/\/schema.org","@graph":[{"@type":"WebSite","@id":"https:\/\/www.lumarinho.com\/en\/#website","url":"https:\/\/www.lumarinho.com\/en\/","name":"Lu Marinho","description":"Design de Interiores","potentialAction":[{"@type":"SearchAction","target":{"@type":"EntryPoint","urlTemplate":"https:\/\/www.lumarinho.com\/en\/?s={search_term_string}"},"query-input":"required name=search_term_string"}],"inLanguage":"en-US"},{"@type":"ImageObject","@id":"https:\/\/www.lumarinho.com\/decoracao-criativa-para-o-natal\/#primaryimage","inLanguage":"en-US","url":"https:\/\/www.lumarinho.com\/wp-content\/uploads\/2021\/11\/decoracao-de-natal-1.jpeg","contentUrl":"https:\/\/www.lumarinho.com\/wp-content\/uploads\/2021\/11\/decoracao-de-natal-1.jpeg","width":1024,"height":666},{"@type":"WebPage","@id":"https:\/\/www.lumarinho.com\/decoracao-criativa-para-o-natal\/#webpage","url":"https:\/\/www.lumarinho.com\/decoracao-criativa-para-o-natal\/","name":"Decora\u00e7\u00e3o criativa para o Natal - Lu Marinho","isPartOf":{"@id":"https:\/\/www.lumarinho.com\/en\/#website"},"primaryImageOfPage":{"@id":"https:\/\/www.lumarinho.com\/decoracao-criativa-para-o-natal\/#primaryimage"},"datePublished":"2021-11-25T20:16:59+00:00","dateModified":"2021-11-25T20:34:44+00:00","author":{"@id":"https:\/\/www.lumarinho.com\/en\/#\/schema\/person\/fab58c38d22714411a05e404747e7a22"},"description":"NATAL \u00e9poca m\u00e1gica e maravilhosa. Nesse post preparei algumas dicas de como fazer uma decora\u00e7\u00e3o criativa para o Natal.","breadcrumb":{"@id":"https:\/\/www.lumarinho.com\/decoracao-criativa-para-o-natal\/#breadcrumb"},"inLanguage":"en-US","potentialAction":[{"@type":"ReadAction","target":["https:\/\/www.lumarinho.com\/decoracao-criativa-para-o-natal\/"]}]},{"@type":"BreadcrumbList","@id":"https:\/\/www.lumarinho.com\/decoracao-criativa-para-o-natal\/#breadcrumb","itemListElement":[{"@type":"ListItem","position":1,"name":"In\u00edcio","item":"https:\/\/www.lumarinho.com\/en\/"},{"@type":"ListItem","position":2,"name":"Decora\u00e7\u00e3o criativa para o Natal"}]},{"@type":"Person","@id":"https:\/\/www.lumarinho.com\/en\/#\/schema\/person\/fab58c38d22714411a05e404747e7a22","name":"lumarinho@","image":{"@type":"ImageObject","@id":"https:\/\/www.lumarinho.com\/en\/#personlogo","inLanguage":"en-US","url":"https:\/\/secure.gravatar.com\/avatar\/1575f3166e2f69085e740c323d65e663ce5d2526ed8a346477f240b68fab9835?s=96&d=mm&r=g","contentUrl":"https:\/\/secure.gravatar.com\/avatar\/1575f3166e2f69085e740c323d65e663ce5d2526ed8a346477f240b68fab9835?s=96&d=mm&r=g","caption":"lumarinho@"},"sameAs":["http:\/\/lumarinho.lizart.com.br"],"url":"https:\/\/www.lumarinho.com\/en\/author\/lumarinho@\/"}]}},"_links":{"self":[{"href":"https:\/\/www.lumarinho.com\/en\/wp-json\/wp\/v2\/posts\/2893","targetHints":{"allow":["GET"]}}],"collection":[{"href":"https:\/\/www.lumarinho.com\/en\/wp-json\/wp\/v2\/posts"}],"about":[{"href":"https:\/\/www.lumarinho.com\/en\/wp-json\/wp\/v2\/types\/post"}],"author":[{"embeddable":true,"href":"https:\/\/www.lumarinho.com\/en\/wp-json\/wp\/v2\/users\/1"}],"replies":[{"embeddable":true,"href":"https:\/\/www.lumarinho.com\/en\/wp-json\/wp\/v2\/comments?post=2893"}],"version-history":[{"count":3,"href":"https:\/\/www.lumarinho.com\/en\/wp-json\/wp\/v2\/posts\/2893\/revisions"}],"predecessor-version":[{"id":2941,"href":"https:\/\/www.lumarinho.com\/en\/wp-json\/wp\/v2\/posts\/2893\/revisions\/2941"}],"wp:featuredmedia":[{"embeddable":true,"href":"https:\/\/www.lumarinho.com\/en\/wp-json\/wp\/v2\/media\/2894"}],"wp:attachment":[{"href":"https:\/\/www.lumarinho.com\/en\/wp-json\/wp\/v2\/media?parent=2893"}],"wp:term":[{"taxonomy":"category","embeddable":true,"href":"https:\/\/www.lumarinho.com\/en\/wp-json\/wp\/v2\/categories?post=2893"},{"taxonomy":"post_tag","embeddable":true,"href":"https:\/\/www.lumarinho.com\/en\/wp-json\/wp\/v2\/tags?post=2893"}],"curies":[{"name":"wp","href":"https:\/\/api.w.org\/{rel}","templated":true}]}}