{"id":2751,"date":"2021-10-28T21:00:55","date_gmt":"2021-10-28T21:00:55","guid":{"rendered":"https:\/\/www.lumarinho.com\/?p=2751"},"modified":"2021-10-28T21:00:55","modified_gmt":"2021-10-28T21:00:55","slug":"viagem-sem-a-familia-e-sem-culpa","status":"publish","type":"post","link":"https:\/\/www.lumarinho.com\/en\/viagem-sem-a-familia-e-sem-culpa\/","title":{"rendered":"Viagem sem a fam\u00edlia e sem culpa"},"content":{"rendered":"<p>Oi, gente! Quem me segue no Instagram sabe das minhas andan\u00e7as pelo mundo, estou sempre pensando no pr\u00f3ximo roteiro. Sabe o que \u00e9 legal? De vez em quando fa\u00e7o alguma viagem sem fam\u00edlia e sem culpa, abro m\u00e3o da companhia do meu marido e filhos para curtir um passeio com minhas amigas. Quando isso acontece recebo v\u00e1rias mensagens elogiando a minha atitude e perguntado como me sinto. Mesmo estando no s\u00e9culo XXI eventualmente chega algum coment\u00e1rio com um leve toque de censura! Para essas abordagens eu simplesmente n\u00e3o dou import\u00e2ncia.<\/p>\n<p>Aprendi que \u00e9 extremamente libertador e muito saud\u00e1vel viajar com outras pessoas que n\u00e3o sejam o marido e os filhos. Afinal, nem sempre os interesses coincidem, e nada pior do que compartilhar da companhia de pessoas que n\u00e3o querem estar ali. Em casos assim ningu\u00e9m aproveita o passeio direito.<\/p>\n<p>Reservar alguns dias com as amigas, para fazer aquilo que temos vontade e sem nos preocupar com mais nada \u00e9 maravilhoso. Nos divertimos, damos muitas risadas e aproveitamos muito esses momentos. Quando voltamos para casa nos sentimos leves e felizes. Para o relacionamento tamb\u00e9m \u00e9 \u00f3timo, retornamos cheias de novidades, com a bagagem lotada de hist\u00f3rias e muita saudade.<\/p>\n<p><img loading=\"lazy\" decoding=\"async\" class=\"alignnone size-large wp-image-2753\" src=\"https:\/\/www.lumarinho.com\/wp-content\/uploads\/2021\/10\/viagem-sem-culpa-1024x578.jpg\" alt=\"\" width=\"1024\" height=\"578\" srcset=\"https:\/\/www.lumarinho.com\/wp-content\/uploads\/2021\/10\/viagem-sem-culpa-1024x578.jpg 1024w, https:\/\/www.lumarinho.com\/wp-content\/uploads\/2021\/10\/viagem-sem-culpa-300x169.jpg 300w, https:\/\/www.lumarinho.com\/wp-content\/uploads\/2021\/10\/viagem-sem-culpa-768x433.jpg 768w, https:\/\/www.lumarinho.com\/wp-content\/uploads\/2021\/10\/viagem-sem-culpa-16x9.jpg 16w, https:\/\/www.lumarinho.com\/wp-content\/uploads\/2021\/10\/viagem-sem-culpa.jpg 1055w\" sizes=\"auto, (max-width: 1024px) 100vw, 1024px\" \/><\/p>\n<h2>\u00c9 poss\u00edvel viajar sem as crian\u00e7as<\/h2>\n<p>Para quem tem filhos pequenos \u00e9 um pouco mais dif\u00edcil e infelizmente a press\u00e3o da sociedade \u00e9 maior. A maternidade \u00e9 uma d\u00e1diva, mas muito exaustiva, j\u00e1 escrevi sobre <a href=\"https:\/\/www.lumarinho.com\/en\/dores-e-amores-de-ser-mae\/\">as dores e amores de ser m\u00e3e<\/a>, muitas mulheres gostariam de tirar uns dias de folga com as amigas ou mesmo fazer uma viagem rom\u00e2ntica com o marid\u00e3o, mas ficam cheias de culpa por deixar as crian\u00e7as!<\/p>\n<p>A gente se preocupa, fica achando que os filhos se sentir\u00e3o abandonados, que seremos julgadas (isso as vezes acontece), e pensa em um monte de coisas que podem dar errado! Entretanto, esse tempo sozinha nos faz bem, ajuda a relaxar e esvaziar um pouco a mente. Para os pequenos tamb\u00e9m pode ser ben\u00e9fico, poder\u00e1 ajud\u00e1-los a desenvolver autoconfian\u00e7a e a independ\u00eancia.<\/p>\n<p>&nbsp;<\/p>\n<h3>Dicas para viajar sem as crian\u00e7as e sem culpa<\/h3>\n<p>Preparei algumas dicas, de m\u00e3e pra m\u00e3e, para voc\u00ea que quer viajar sem as crian\u00e7as e sem culpa.<\/p>\n<p><img loading=\"lazy\" decoding=\"async\" class=\"alignnone size-full wp-image-2752\" src=\"https:\/\/www.lumarinho.com\/wp-content\/uploads\/2021\/10\/viagem-sem-culpa03.jpg\" alt=\"\" width=\"932\" height=\"749\" srcset=\"https:\/\/www.lumarinho.com\/wp-content\/uploads\/2021\/10\/viagem-sem-culpa03.jpg 932w, https:\/\/www.lumarinho.com\/wp-content\/uploads\/2021\/10\/viagem-sem-culpa03-300x241.jpg 300w, https:\/\/www.lumarinho.com\/wp-content\/uploads\/2021\/10\/viagem-sem-culpa03-768x617.jpg 768w, https:\/\/www.lumarinho.com\/wp-content\/uploads\/2021\/10\/viagem-sem-culpa03-16x12.jpg 16w\" sizes=\"auto, (max-width: 932px) 100vw, 932px\" \/><\/p>\n<ul>\n<li><strong>N\u00e3o se deixe influenciar por julgamentos e coment\u00e1rios indesejados<\/strong>. Tirar uns dias para descontrair ser\u00e1 bom para a sua sa\u00fade emocional. Uma m\u00e3e plena e feliz \u00e9 inspiradora para seus filhos.<\/li>\n<li><strong>Planeje a viagem com anteced\u00eancia<\/strong>. Converse previamente com todos os envolvidos, assim ningu\u00e9m ser\u00e1 pego de surpresa.<\/li>\n<li><strong>Tenha uma rede de apoio. <\/strong>\u00c9 importante que as crian\u00e7as sejam cuidadas por algu\u00e9m de confian\u00e7a enquanto o pai trabalha. Elas precisam ficar com pessoas com as quais j\u00e1 estejam familiarizadas e que voc\u00ea tenha plena seguran\u00e7a, como av\u00f3s, tios e padrinhos. Sen\u00e3o ao inv\u00e9s de aproveitar a viagem, ficar\u00e1 o tempo todo preocupada.<\/li>\n<li><strong>N\u00e3o sinta culpa.<\/strong> Depois de tudo planejado e alinhado, v\u00e1 com o cora\u00e7\u00e3o leve, sem neuras, aproveite os dias de folga com o corpo e alma, esteja presente no passeio e curta cada momento.<\/li>\n<\/ul>\n<p>Logicamente que voc\u00ea sentir\u00e1 saudades da fam\u00edlia durante a viagem, para isso existe o celular e os aplicativos de reuni\u00e3o <em>online<\/em>!<\/p>\n<p><img loading=\"lazy\" decoding=\"async\" class=\"alignnone size-large wp-image-2753\" src=\"https:\/\/www.lumarinho.com\/wp-content\/uploads\/2021\/10\/viagem-sem-culpa-1024x578.jpg\" alt=\"\" width=\"1024\" height=\"578\" srcset=\"https:\/\/www.lumarinho.com\/wp-content\/uploads\/2021\/10\/viagem-sem-culpa-1024x578.jpg 1024w, https:\/\/www.lumarinho.com\/wp-content\/uploads\/2021\/10\/viagem-sem-culpa-300x169.jpg 300w, https:\/\/www.lumarinho.com\/wp-content\/uploads\/2021\/10\/viagem-sem-culpa-768x433.jpg 768w, https:\/\/www.lumarinho.com\/wp-content\/uploads\/2021\/10\/viagem-sem-culpa-16x9.jpg 16w, https:\/\/www.lumarinho.com\/wp-content\/uploads\/2021\/10\/viagem-sem-culpa.jpg 1055w\" sizes=\"auto, (max-width: 1024px) 100vw, 1024px\" \/><\/p>\n<p>A vida \u00e9 muito bonita e curta para deixar as coisas que temos vontade de fazer para depois. Cultive boas experi\u00eancias, mem\u00f3rias felizes nos fazem bem e nos enriquecem. Para se inspirar d\u00ea uma olhadinha na minha <a href=\"https:\/\/www.youtube.com\/playlist?list=PLbInbbuWrqQXctxW_iN_Fu1fgmmAIEqtS\" target=\"_blank\" rel=\"noopener\"><em>playlist<\/em> de viagens no Youtube<\/a>. Vou te contar um segredo: tem muito lugar interessante nesse mund\u00e3o.<\/p>\n<p>E por \u00faltimo, uma pergunta&#8230;Voc\u00ea j\u00e1 me <a href=\"https:\/\/www.instagram.com\/lumarinhodesign\/\" target=\"_blank\" rel=\"noopener\">segue no Instagram<\/a>? Por l\u00e1 sempre tem dicas extras!<\/p>\n<p>Kisses<\/p>","protected":false},"excerpt":{"rendered":"<p>Oi, gente! Quem me segue no Instagram sabe das minhas andan\u00e7as pelo mundo, estou sempre pensando no pr\u00f3ximo roteiro. Sabe o que \u00e9 legal? De vez em quando fa\u00e7o alguma viagem sem fam\u00edlia e sem culpa, abro m\u00e3o da companhia do meu marido e filhos para curtir um passeio com minhas amigas. Quando isso acontece &hellip;<\/p>\n<p class=\"read-more\"> <a class=\"\" href=\"https:\/\/www.lumarinho.com\/en\/viagem-sem-a-familia-e-sem-culpa\/\"> <span class=\"screen-reader-text\">Viagem sem a fam\u00edlia e sem culpa<\/span> Read More \u00bb<\/a><\/p>","protected":false},"author":1,"featured_media":2754,"comment_status":"open","ping_status":"open","sticky":false,"template":"","format":"standard","meta":{"footnotes":""},"categories":[27,16],"tags":[],"class_list":["post-2751","post","type-post","status-publish","format-standard","has-post-thumbnail","hentry","category-lifestyle","category-viagem"],"yoast_head":"<!-- This site is optimized with the Yoast SEO plugin v17.0 - https:\/\/yoast.com\/wordpress\/plugins\/seo\/ -->\n<title>Viagem sem a fam\u00edlia e sem culpa - Lu Marinho<\/title>\n<meta name=\"description\" content=\"De vez em quando fa\u00e7o alguma viagem sem fam\u00edlia e sem culpa, abro m\u00e3o da companhia deles para curtir um passeio com minhas amigas.\" \/>\n<meta name=\"robots\" content=\"index, follow, max-snippet:-1, max-image-preview:large, max-video-preview:-1\" \/>\n<link rel=\"canonical\" href=\"https:\/\/www.lumarinho.com\/en\/viagem-sem-a-familia-e-sem-culpa\/\" \/>\n<meta property=\"og:locale\" content=\"en_US\" \/>\n<meta property=\"og:type\" content=\"article\" \/>\n<meta property=\"og:title\" content=\"Viagem sem a fam\u00edlia e sem culpa - Lu Marinho\" \/>\n<meta property=\"og:description\" content=\"De vez em quando fa\u00e7o alguma viagem sem fam\u00edlia e sem culpa, abro m\u00e3o da companhia deles para curtir um passeio com minhas amigas.\" \/>\n<meta property=\"og:url\" content=\"https:\/\/www.lumarinho.com\/en\/viagem-sem-a-familia-e-sem-culpa\/\" \/>\n<meta property=\"og:site_name\" content=\"Lu Marinho\" \/>\n<meta property=\"article:published_time\" content=\"2021-10-28T21:00:55+00:00\" \/>\n<meta property=\"og:image\" content=\"https:\/\/www.lumarinho.com\/wp-content\/uploads\/2021\/10\/viagem-sem-culpa02.jpg\" \/>\n\t<meta property=\"og:image:width\" content=\"975\" \/>\n\t<meta property=\"og:image:height\" content=\"684\" \/>\n<meta name=\"twitter:card\" content=\"summary_large_image\" \/>\n<meta name=\"twitter:label1\" content=\"Written by\" \/>\n\t<meta name=\"twitter:data1\" content=\"lumarinho@\" \/>\n\t<meta name=\"twitter:label2\" content=\"Est. reading time\" \/>\n\t<meta name=\"twitter:data2\" content=\"4 minutes\" \/>\n<script type=\"application\/ld+json\" class=\"yoast-schema-graph\">{\"@context\":\"https:\/\/schema.org\",\"@graph\":[{\"@type\":\"WebSite\",\"@id\":\"https:\/\/www.lumarinho.com\/en\/#website\",\"url\":\"https:\/\/www.lumarinho.com\/en\/\",\"name\":\"Lu Marinho\",\"description\":\"Design de Interiores\",\"potentialAction\":[{\"@type\":\"SearchAction\",\"target\":{\"@type\":\"EntryPoint\",\"urlTemplate\":\"https:\/\/www.lumarinho.com\/en\/?s={search_term_string}\"},\"query-input\":\"required name=search_term_string\"}],\"inLanguage\":\"en-US\"},{\"@type\":\"ImageObject\",\"@id\":\"https:\/\/www.lumarinho.com\/en\/viagem-sem-a-familia-e-sem-culpa\/#primaryimage\",\"inLanguage\":\"en-US\",\"url\":\"https:\/\/www.lumarinho.com\/wp-content\/uploads\/2021\/10\/viagem-sem-culpa02.jpg\",\"contentUrl\":\"https:\/\/www.lumarinho.com\/wp-content\/uploads\/2021\/10\/viagem-sem-culpa02.jpg\",\"width\":975,\"height\":684},{\"@type\":\"WebPage\",\"@id\":\"https:\/\/www.lumarinho.com\/en\/viagem-sem-a-familia-e-sem-culpa\/#webpage\",\"url\":\"https:\/\/www.lumarinho.com\/en\/viagem-sem-a-familia-e-sem-culpa\/\",\"name\":\"Viagem sem a fam\\u00edlia e sem culpa - Lu Marinho\",\"isPartOf\":{\"@id\":\"https:\/\/www.lumarinho.com\/en\/#website\"},\"primaryImageOfPage\":{\"@id\":\"https:\/\/www.lumarinho.com\/en\/viagem-sem-a-familia-e-sem-culpa\/#primaryimage\"},\"datePublished\":\"2021-10-28T21:00:55+00:00\",\"dateModified\":\"2021-10-28T21:00:55+00:00\",\"author\":{\"@id\":\"https:\/\/www.lumarinho.com\/en\/#\/schema\/person\/fab58c38d22714411a05e404747e7a22\"},\"description\":\"De vez em quando fa\\u00e7o alguma viagem sem fam\\u00edlia e sem culpa, abro m\\u00e3o da companhia deles para curtir um passeio com minhas amigas.\",\"breadcrumb\":{\"@id\":\"https:\/\/www.lumarinho.com\/en\/viagem-sem-a-familia-e-sem-culpa\/#breadcrumb\"},\"inLanguage\":\"en-US\",\"potentialAction\":[{\"@type\":\"ReadAction\",\"target\":[\"https:\/\/www.lumarinho.com\/en\/viagem-sem-a-familia-e-sem-culpa\/\"]}]},{\"@type\":\"BreadcrumbList\",\"@id\":\"https:\/\/www.lumarinho.com\/en\/viagem-sem-a-familia-e-sem-culpa\/#breadcrumb\",\"itemListElement\":[{\"@type\":\"ListItem\",\"position\":1,\"name\":\"In\\u00edcio\",\"item\":\"https:\/\/www.lumarinho.com\/en\/\"},{\"@type\":\"ListItem\",\"position\":2,\"name\":\"Viagem sem a fam\\u00edlia e sem culpa\"}]},{\"@type\":\"Person\",\"@id\":\"https:\/\/www.lumarinho.com\/en\/#\/schema\/person\/fab58c38d22714411a05e404747e7a22\",\"name\":\"lumarinho@\",\"image\":{\"@type\":\"ImageObject\",\"@id\":\"https:\/\/www.lumarinho.com\/en\/#personlogo\",\"inLanguage\":\"en-US\",\"url\":\"https:\/\/secure.gravatar.com\/avatar\/1575f3166e2f69085e740c323d65e663ce5d2526ed8a346477f240b68fab9835?s=96&d=mm&r=g\",\"contentUrl\":\"https:\/\/secure.gravatar.com\/avatar\/1575f3166e2f69085e740c323d65e663ce5d2526ed8a346477f240b68fab9835?s=96&d=mm&r=g\",\"caption\":\"lumarinho@\"},\"sameAs\":[\"http:\/\/lumarinho.lizart.com.br\"],\"url\":\"https:\/\/www.lumarinho.com\/en\/author\/lumarinho@\/\"}]}<\/script>\n<!-- \/ Yoast SEO plugin. -->","yoast_head_json":{"title":"Viagem sem a fam\u00edlia e sem culpa - Lu Marinho","description":"De vez em quando fa\u00e7o alguma viagem sem fam\u00edlia e sem culpa, abro m\u00e3o da companhia deles para curtir um passeio com minhas amigas.","robots":{"index":"index","follow":"follow","max-snippet":"max-snippet:-1","max-image-preview":"max-image-preview:large","max-video-preview":"max-video-preview:-1"},"canonical":"https:\/\/www.lumarinho.com\/en\/viagem-sem-a-familia-e-sem-culpa\/","og_locale":"en_US","og_type":"article","og_title":"Viagem sem a fam\u00edlia e sem culpa - Lu Marinho","og_description":"De vez em quando fa\u00e7o alguma viagem sem fam\u00edlia e sem culpa, abro m\u00e3o da companhia deles para curtir um passeio com minhas amigas.","og_url":"https:\/\/www.lumarinho.com\/en\/viagem-sem-a-familia-e-sem-culpa\/","og_site_name":"Lu Marinho","article_published_time":"2021-10-28T21:00:55+00:00","og_image":[{"width":975,"height":684,"url":"https:\/\/www.lumarinho.com\/wp-content\/uploads\/2021\/10\/viagem-sem-culpa02.jpg","path":"\/srv\/app915.2d4f1d34.configr.cloud\/www\/wp-content\/uploads\/2021\/10\/viagem-sem-culpa02.jpg","size":"full","id":2754,"alt":"","pixels":666900,"type":"image\/jpeg"}],"twitter_card":"summary_large_image","twitter_misc":{"Written by":"lumarinho@","Est. reading time":"4 minutes"},"schema":{"@context":"https:\/\/schema.org","@graph":[{"@type":"WebSite","@id":"https:\/\/www.lumarinho.com\/en\/#website","url":"https:\/\/www.lumarinho.com\/en\/","name":"Lu Marinho","description":"Design de Interiores","potentialAction":[{"@type":"SearchAction","target":{"@type":"EntryPoint","urlTemplate":"https:\/\/www.lumarinho.com\/en\/?s={search_term_string}"},"query-input":"required name=search_term_string"}],"inLanguage":"en-US"},{"@type":"ImageObject","@id":"https:\/\/www.lumarinho.com\/en\/viagem-sem-a-familia-e-sem-culpa\/#primaryimage","inLanguage":"en-US","url":"https:\/\/www.lumarinho.com\/wp-content\/uploads\/2021\/10\/viagem-sem-culpa02.jpg","contentUrl":"https:\/\/www.lumarinho.com\/wp-content\/uploads\/2021\/10\/viagem-sem-culpa02.jpg","width":975,"height":684},{"@type":"WebPage","@id":"https:\/\/www.lumarinho.com\/en\/viagem-sem-a-familia-e-sem-culpa\/#webpage","url":"https:\/\/www.lumarinho.com\/en\/viagem-sem-a-familia-e-sem-culpa\/","name":"Viagem sem a fam\u00edlia e sem culpa - Lu Marinho","isPartOf":{"@id":"https:\/\/www.lumarinho.com\/en\/#website"},"primaryImageOfPage":{"@id":"https:\/\/www.lumarinho.com\/en\/viagem-sem-a-familia-e-sem-culpa\/#primaryimage"},"datePublished":"2021-10-28T21:00:55+00:00","dateModified":"2021-10-28T21:00:55+00:00","author":{"@id":"https:\/\/www.lumarinho.com\/en\/#\/schema\/person\/fab58c38d22714411a05e404747e7a22"},"description":"De vez em quando fa\u00e7o alguma viagem sem fam\u00edlia e sem culpa, abro m\u00e3o da companhia deles para curtir um passeio com minhas amigas.","breadcrumb":{"@id":"https:\/\/www.lumarinho.com\/en\/viagem-sem-a-familia-e-sem-culpa\/#breadcrumb"},"inLanguage":"en-US","potentialAction":[{"@type":"ReadAction","target":["https:\/\/www.lumarinho.com\/en\/viagem-sem-a-familia-e-sem-culpa\/"]}]},{"@type":"BreadcrumbList","@id":"https:\/\/www.lumarinho.com\/en\/viagem-sem-a-familia-e-sem-culpa\/#breadcrumb","itemListElement":[{"@type":"ListItem","position":1,"name":"In\u00edcio","item":"https:\/\/www.lumarinho.com\/en\/"},{"@type":"ListItem","position":2,"name":"Viagem sem a fam\u00edlia e sem culpa"}]},{"@type":"Person","@id":"https:\/\/www.lumarinho.com\/en\/#\/schema\/person\/fab58c38d22714411a05e404747e7a22","name":"lumarinho@","image":{"@type":"ImageObject","@id":"https:\/\/www.lumarinho.com\/en\/#personlogo","inLanguage":"en-US","url":"https:\/\/secure.gravatar.com\/avatar\/1575f3166e2f69085e740c323d65e663ce5d2526ed8a346477f240b68fab9835?s=96&d=mm&r=g","contentUrl":"https:\/\/secure.gravatar.com\/avatar\/1575f3166e2f69085e740c323d65e663ce5d2526ed8a346477f240b68fab9835?s=96&d=mm&r=g","caption":"lumarinho@"},"sameAs":["http:\/\/lumarinho.lizart.com.br"],"url":"https:\/\/www.lumarinho.com\/en\/author\/lumarinho@\/"}]}},"_links":{"self":[{"href":"https:\/\/www.lumarinho.com\/en\/wp-json\/wp\/v2\/posts\/2751","targetHints":{"allow":["GET"]}}],"collection":[{"href":"https:\/\/www.lumarinho.com\/en\/wp-json\/wp\/v2\/posts"}],"about":[{"href":"https:\/\/www.lumarinho.com\/en\/wp-json\/wp\/v2\/types\/post"}],"author":[{"embeddable":true,"href":"https:\/\/www.lumarinho.com\/en\/wp-json\/wp\/v2\/users\/1"}],"replies":[{"embeddable":true,"href":"https:\/\/www.lumarinho.com\/en\/wp-json\/wp\/v2\/comments?post=2751"}],"version-history":[{"count":1,"href":"https:\/\/www.lumarinho.com\/en\/wp-json\/wp\/v2\/posts\/2751\/revisions"}],"predecessor-version":[{"id":2755,"href":"https:\/\/www.lumarinho.com\/en\/wp-json\/wp\/v2\/posts\/2751\/revisions\/2755"}],"wp:featuredmedia":[{"embeddable":true,"href":"https:\/\/www.lumarinho.com\/en\/wp-json\/wp\/v2\/media\/2754"}],"wp:attachment":[{"href":"https:\/\/www.lumarinho.com\/en\/wp-json\/wp\/v2\/media?parent=2751"}],"wp:term":[{"taxonomy":"category","embeddable":true,"href":"https:\/\/www.lumarinho.com\/en\/wp-json\/wp\/v2\/categories?post=2751"},{"taxonomy":"post_tag","embeddable":true,"href":"https:\/\/www.lumarinho.com\/en\/wp-json\/wp\/v2\/tags?post=2751"}],"curies":[{"name":"wp","href":"https:\/\/api.w.org\/{rel}","templated":true}]}}