{"id":1780,"date":"2021-02-25T18:07:11","date_gmt":"2021-02-25T18:07:11","guid":{"rendered":"https:\/\/www.lumarinho.com\/?p=1780"},"modified":"2021-03-01T18:26:11","modified_gmt":"2021-03-01T18:26:11","slug":"decoracao-de-quarto-de-adolescente","status":"publish","type":"post","link":"https:\/\/www.lumarinho.com\/en\/decoracao-de-quarto-de-adolescente\/","title":{"rendered":"Decora\u00e7\u00e3o de quarto para adolescente"},"content":{"rendered":"<p>Oi gente, tudo bem? Hoje vamos falar sobre a decora\u00e7\u00e3o de quarto para adolescente, essa fase t\u00e3o complicada, que \u00e9 dif\u00edcil para os pais e para os filhos. A boa not\u00edcia \u00e9 que como tudo na vida, esse momento tamb\u00e9m vai passar, ent\u00e3o, respire fundo e tenha paci\u00eancia!<\/p>\n<p>\u00c9 um per\u00edodo de metamorfose, onde eles deixam os gostos de crian\u00e7a para tr\u00e1s e come\u00e7am a buscar o seu pr\u00f3prio estilo e criar suas pr\u00f3prias identidades. E o quarto passa a ser o mundo, um ref\u00fagio de tranquilidade e express\u00e3o. Por isso esse ambiente precisa ser a cara deles, n\u00e3o pode ter uma decora\u00e7\u00e3o feita e pensada pelos pais, ou por um decorador, sem a interfer\u00eancia do principal interessado que \u00e9 o pr\u00f3prio adolescente.<\/p>\n<h2>Por onde come\u00e7ar?<\/h2>\n<p>Antes de sair comprando os m\u00f3veis, converse com a sua filha ou filho e definam juntos como ser\u00e1 o quarto. \u00c9 importante envolv\u00ea-los em todo o processo, inclusive na hora da compra, afinal, tudo tem que ser funcional e pr\u00e1tico, mas precisa fazer sentido pra eles.<\/p>\n<p>Escolha primeiro os m\u00f3veis; cama, arm\u00e1rio e esta\u00e7\u00e3o de estudo s\u00e3o o b\u00e1sico. \u00c9 importante criar bastante espa\u00e7o para armazenamento, por isso cama com ba\u00fa ou gaveteiros \u00e9 uma \u00f3tima pedida.<\/p>\n<p>Se tiver espa\u00e7o, pense em maneiras para que eles possam receber amigos, para isso voc\u00ea poder\u00e1 usar pufes, almofadas e um tapete, afinal, adolescente que se preze anda sempre em bando.<\/p>\n<p>Para as meninas \u00e9 interessante reservar um lugar para p\u00f4r um espelho de corpo inteiro, e um cantinho de maquiagem com boa ilumina\u00e7\u00e3o.<\/p>\n<p>Os espa\u00e7os podem ser multifuncionais, por exemplo a bancada de estudo pode se transformar em uma penteadeira ou um espa\u00e7o para jogar. O mais importante \u00e9 definir o local de cada coisa.<\/p>\n<h2>Defini\u00e7\u00e3o de estilo<\/h2>\n<p>Adolescentes gostam de ter quartos exclusivos, que reflitam os seus gostos pessoais, que pode ser games, m\u00fasica, quadrinhos, maquiagem, moda, enfim, o que fizer parte do mundo deles.<\/p>\n<p>Eu separei aqui dois exemplos de quartos para voc\u00ea se inspirar. O primeiro \u00e9 masculino, e o segundo eu fiz para uma menina cheia de personalidade, mas que vai perdurar por muito tempo, pois n\u00e3o \u00e9 nada infantil.<\/p>\n<h3>Quarto masculino<br \/>\n<iframe loading=\"lazy\" src=\"https:\/\/www.youtube.com\/embed\/YcptZVP0a_o\" width=\"560\" height=\"315\" frameborder=\"0\" allowfullscreen=\"allowfullscreen\"><\/iframe><\/h3>\n<h3>Quarto feminino<br \/>\n<iframe loading=\"lazy\" src=\"https:\/\/www.youtube.com\/embed\/IfLOyK1-cYY\" width=\"560\" height=\"315\" frameborder=\"0\" allowfullscreen=\"allowfullscreen\"><\/iframe><\/h3>\n<p>N\u00e3o tem segredo gente, o quarto para um adolescente deve ter a personalidade dele, com espa\u00e7os pensado para armazenar todas as coisinhas que s\u00e3o significativas pra eles.<\/p>\n<p>Conta pra mim, os seus filhos j\u00e1 chegaram nessa fase de metamorfose ambulante?<\/p>\n<p>E n\u00e3o esque\u00e7a de compartilhar esse post com suas amigas, assim voc\u00ea me ajuda muito. Ah, e me segue l\u00e1 no Instagram <a href=\"https:\/\/www.instagram.com\/lumarinhodesign\/\" target=\"_blank\" rel=\"noopener\">@lumarinhodesign<\/a>, assim voc\u00ea n\u00e3o perde nenhuma novidade.!<\/p>\n<p>Kiss<\/p>","protected":false},"excerpt":{"rendered":"<p>Oi gente, tudo bem? Hoje vamos falar sobre a decora\u00e7\u00e3o de quarto para adolescente, essa fase t\u00e3o complicada, que \u00e9 dif\u00edcil para os pais e para os filhos. A boa not\u00edcia \u00e9 que como tudo na vida, esse momento tamb\u00e9m vai passar, ent\u00e3o, respire fundo e tenha paci\u00eancia! \u00c9 um per\u00edodo de metamorfose, onde eles &hellip;<\/p>\n<p class=\"read-more\"> <a class=\"\" href=\"https:\/\/www.lumarinho.com\/en\/decoracao-de-quarto-de-adolescente\/\"> <span class=\"screen-reader-text\">Decora\u00e7\u00e3o de quarto para adolescente<\/span> Read More \u00bb<\/a><\/p>","protected":false},"author":1,"featured_media":1221,"comment_status":"open","ping_status":"open","sticky":false,"template":"","format":"standard","meta":{"footnotes":""},"categories":[9],"tags":[],"class_list":["post-1780","post","type-post","status-publish","format-standard","has-post-thumbnail","hentry","category-decoracao"],"yoast_head":"<!-- This site is optimized with the Yoast SEO plugin v17.0 - https:\/\/yoast.com\/wordpress\/plugins\/seo\/ -->\n<title>Decora\u00e7\u00e3o de quarto para adolescente - Lu Marinho<\/title>\n<meta name=\"description\" content=\"Decora\u00e7\u00e3o de quarto para adolescente, essa fase t\u00e3o complicada, que \u00e9 dif\u00edcil para os pais e para os filhos.\" \/>\n<meta name=\"robots\" content=\"index, follow, max-snippet:-1, max-image-preview:large, max-video-preview:-1\" \/>\n<link rel=\"canonical\" href=\"https:\/\/www.lumarinho.com\/en\/decoracao-de-quarto-de-adolescente\/\" \/>\n<meta property=\"og:locale\" content=\"en_US\" \/>\n<meta property=\"og:type\" content=\"article\" \/>\n<meta property=\"og:title\" content=\"Decora\u00e7\u00e3o de quarto para adolescente - Lu Marinho\" \/>\n<meta property=\"og:description\" content=\"Decora\u00e7\u00e3o de quarto para adolescente, essa fase t\u00e3o complicada, que \u00e9 dif\u00edcil para os pais e para os filhos.\" \/>\n<meta property=\"og:url\" content=\"https:\/\/www.lumarinho.com\/en\/decoracao-de-quarto-de-adolescente\/\" \/>\n<meta property=\"og:site_name\" content=\"Lu Marinho\" \/>\n<meta property=\"article:published_time\" content=\"2021-02-25T18:07:11+00:00\" \/>\n<meta property=\"article:modified_time\" content=\"2021-03-01T18:26:11+00:00\" \/>\n<meta property=\"og:image\" content=\"https:\/\/www.lumarinho.com\/wp-content\/uploads\/2021\/02\/HOUSE-CORAL-GABLES-FL-1.jpg\" \/>\n\t<meta property=\"og:image:width\" content=\"768\" \/>\n\t<meta property=\"og:image:height\" content=\"1024\" \/>\n<meta name=\"twitter:card\" content=\"summary_large_image\" \/>\n<meta name=\"twitter:label1\" content=\"Written by\" \/>\n\t<meta name=\"twitter:data1\" content=\"lumarinho@\" \/>\n\t<meta name=\"twitter:label2\" content=\"Est. reading time\" \/>\n\t<meta name=\"twitter:data2\" content=\"2 minutes\" \/>\n<script type=\"application\/ld+json\" class=\"yoast-schema-graph\">{\"@context\":\"https:\/\/schema.org\",\"@graph\":[{\"@type\":\"WebSite\",\"@id\":\"https:\/\/www.lumarinho.com\/en\/#website\",\"url\":\"https:\/\/www.lumarinho.com\/en\/\",\"name\":\"Lu Marinho\",\"description\":\"Design de Interiores\",\"potentialAction\":[{\"@type\":\"SearchAction\",\"target\":{\"@type\":\"EntryPoint\",\"urlTemplate\":\"https:\/\/www.lumarinho.com\/en\/?s={search_term_string}\"},\"query-input\":\"required name=search_term_string\"}],\"inLanguage\":\"en-US\"},{\"@type\":\"ImageObject\",\"@id\":\"https:\/\/www.lumarinho.com\/decoracao-de-quarto-de-adolescente\/#primaryimage\",\"inLanguage\":\"en-US\",\"url\":\"https:\/\/www.lumarinho.com\/wp-content\/uploads\/2021\/02\/HOUSE-CORAL-GABLES-FL-1.jpg\",\"contentUrl\":\"https:\/\/www.lumarinho.com\/wp-content\/uploads\/2021\/02\/HOUSE-CORAL-GABLES-FL-1.jpg\",\"width\":768,\"height\":1024},{\"@type\":\"WebPage\",\"@id\":\"https:\/\/www.lumarinho.com\/decoracao-de-quarto-de-adolescente\/#webpage\",\"url\":\"https:\/\/www.lumarinho.com\/decoracao-de-quarto-de-adolescente\/\",\"name\":\"Decora\\u00e7\\u00e3o de quarto para adolescente - Lu Marinho\",\"isPartOf\":{\"@id\":\"https:\/\/www.lumarinho.com\/en\/#website\"},\"primaryImageOfPage\":{\"@id\":\"https:\/\/www.lumarinho.com\/decoracao-de-quarto-de-adolescente\/#primaryimage\"},\"datePublished\":\"2021-02-25T18:07:11+00:00\",\"dateModified\":\"2021-03-01T18:26:11+00:00\",\"author\":{\"@id\":\"https:\/\/www.lumarinho.com\/en\/#\/schema\/person\/fab58c38d22714411a05e404747e7a22\"},\"description\":\"Decora\\u00e7\\u00e3o de quarto para adolescente, essa fase t\\u00e3o complicada, que \\u00e9 dif\\u00edcil para os pais e para os filhos.\",\"breadcrumb\":{\"@id\":\"https:\/\/www.lumarinho.com\/decoracao-de-quarto-de-adolescente\/#breadcrumb\"},\"inLanguage\":\"en-US\",\"potentialAction\":[{\"@type\":\"ReadAction\",\"target\":[\"https:\/\/www.lumarinho.com\/decoracao-de-quarto-de-adolescente\/\"]}]},{\"@type\":\"BreadcrumbList\",\"@id\":\"https:\/\/www.lumarinho.com\/decoracao-de-quarto-de-adolescente\/#breadcrumb\",\"itemListElement\":[{\"@type\":\"ListItem\",\"position\":1,\"name\":\"In\\u00edcio\",\"item\":\"https:\/\/www.lumarinho.com\/en\/\"},{\"@type\":\"ListItem\",\"position\":2,\"name\":\"Decora\\u00e7\\u00e3o de quarto para adolescente\"}]},{\"@type\":\"Person\",\"@id\":\"https:\/\/www.lumarinho.com\/en\/#\/schema\/person\/fab58c38d22714411a05e404747e7a22\",\"name\":\"lumarinho@\",\"image\":{\"@type\":\"ImageObject\",\"@id\":\"https:\/\/www.lumarinho.com\/en\/#personlogo\",\"inLanguage\":\"en-US\",\"url\":\"https:\/\/secure.gravatar.com\/avatar\/1575f3166e2f69085e740c323d65e663ce5d2526ed8a346477f240b68fab9835?s=96&d=mm&r=g\",\"contentUrl\":\"https:\/\/secure.gravatar.com\/avatar\/1575f3166e2f69085e740c323d65e663ce5d2526ed8a346477f240b68fab9835?s=96&d=mm&r=g\",\"caption\":\"lumarinho@\"},\"sameAs\":[\"http:\/\/lumarinho.lizart.com.br\"],\"url\":\"https:\/\/www.lumarinho.com\/en\/author\/lumarinho@\/\"}]}<\/script>\n<!-- \/ Yoast SEO plugin. -->","yoast_head_json":{"title":"Decora\u00e7\u00e3o de quarto para adolescente - Lu Marinho","description":"Decora\u00e7\u00e3o de quarto para adolescente, essa fase t\u00e3o complicada, que \u00e9 dif\u00edcil para os pais e para os filhos.","robots":{"index":"index","follow":"follow","max-snippet":"max-snippet:-1","max-image-preview":"max-image-preview:large","max-video-preview":"max-video-preview:-1"},"canonical":"https:\/\/www.lumarinho.com\/en\/decoracao-de-quarto-de-adolescente\/","og_locale":"en_US","og_type":"article","og_title":"Decora\u00e7\u00e3o de quarto para adolescente - Lu Marinho","og_description":"Decora\u00e7\u00e3o de quarto para adolescente, essa fase t\u00e3o complicada, que \u00e9 dif\u00edcil para os pais e para os filhos.","og_url":"https:\/\/www.lumarinho.com\/en\/decoracao-de-quarto-de-adolescente\/","og_site_name":"Lu Marinho","article_published_time":"2021-02-25T18:07:11+00:00","article_modified_time":"2021-03-01T18:26:11+00:00","og_image":[{"width":768,"height":1024,"url":"https:\/\/www.lumarinho.com\/wp-content\/uploads\/2021\/02\/HOUSE-CORAL-GABLES-FL-1.jpg","path":"\/srv\/app915.2d4f1d34.configr.cloud\/www\/wp-content\/uploads\/2021\/02\/HOUSE-CORAL-GABLES-FL-1.jpg","size":"full","id":1221,"alt":"","pixels":786432,"type":"image\/jpeg"}],"twitter_card":"summary_large_image","twitter_misc":{"Written by":"lumarinho@","Est. reading time":"2 minutes"},"schema":{"@context":"https:\/\/schema.org","@graph":[{"@type":"WebSite","@id":"https:\/\/www.lumarinho.com\/en\/#website","url":"https:\/\/www.lumarinho.com\/en\/","name":"Lu Marinho","description":"Design de Interiores","potentialAction":[{"@type":"SearchAction","target":{"@type":"EntryPoint","urlTemplate":"https:\/\/www.lumarinho.com\/en\/?s={search_term_string}"},"query-input":"required name=search_term_string"}],"inLanguage":"en-US"},{"@type":"ImageObject","@id":"https:\/\/www.lumarinho.com\/decoracao-de-quarto-de-adolescente\/#primaryimage","inLanguage":"en-US","url":"https:\/\/www.lumarinho.com\/wp-content\/uploads\/2021\/02\/HOUSE-CORAL-GABLES-FL-1.jpg","contentUrl":"https:\/\/www.lumarinho.com\/wp-content\/uploads\/2021\/02\/HOUSE-CORAL-GABLES-FL-1.jpg","width":768,"height":1024},{"@type":"WebPage","@id":"https:\/\/www.lumarinho.com\/decoracao-de-quarto-de-adolescente\/#webpage","url":"https:\/\/www.lumarinho.com\/decoracao-de-quarto-de-adolescente\/","name":"Decora\u00e7\u00e3o de quarto para adolescente - Lu Marinho","isPartOf":{"@id":"https:\/\/www.lumarinho.com\/en\/#website"},"primaryImageOfPage":{"@id":"https:\/\/www.lumarinho.com\/decoracao-de-quarto-de-adolescente\/#primaryimage"},"datePublished":"2021-02-25T18:07:11+00:00","dateModified":"2021-03-01T18:26:11+00:00","author":{"@id":"https:\/\/www.lumarinho.com\/en\/#\/schema\/person\/fab58c38d22714411a05e404747e7a22"},"description":"Decora\u00e7\u00e3o de quarto para adolescente, essa fase t\u00e3o complicada, que \u00e9 dif\u00edcil para os pais e para os filhos.","breadcrumb":{"@id":"https:\/\/www.lumarinho.com\/decoracao-de-quarto-de-adolescente\/#breadcrumb"},"inLanguage":"en-US","potentialAction":[{"@type":"ReadAction","target":["https:\/\/www.lumarinho.com\/decoracao-de-quarto-de-adolescente\/"]}]},{"@type":"BreadcrumbList","@id":"https:\/\/www.lumarinho.com\/decoracao-de-quarto-de-adolescente\/#breadcrumb","itemListElement":[{"@type":"ListItem","position":1,"name":"In\u00edcio","item":"https:\/\/www.lumarinho.com\/en\/"},{"@type":"ListItem","position":2,"name":"Decora\u00e7\u00e3o de quarto para adolescente"}]},{"@type":"Person","@id":"https:\/\/www.lumarinho.com\/en\/#\/schema\/person\/fab58c38d22714411a05e404747e7a22","name":"lumarinho@","image":{"@type":"ImageObject","@id":"https:\/\/www.lumarinho.com\/en\/#personlogo","inLanguage":"en-US","url":"https:\/\/secure.gravatar.com\/avatar\/1575f3166e2f69085e740c323d65e663ce5d2526ed8a346477f240b68fab9835?s=96&d=mm&r=g","contentUrl":"https:\/\/secure.gravatar.com\/avatar\/1575f3166e2f69085e740c323d65e663ce5d2526ed8a346477f240b68fab9835?s=96&d=mm&r=g","caption":"lumarinho@"},"sameAs":["http:\/\/lumarinho.lizart.com.br"],"url":"https:\/\/www.lumarinho.com\/en\/author\/lumarinho@\/"}]}},"_links":{"self":[{"href":"https:\/\/www.lumarinho.com\/en\/wp-json\/wp\/v2\/posts\/1780","targetHints":{"allow":["GET"]}}],"collection":[{"href":"https:\/\/www.lumarinho.com\/en\/wp-json\/wp\/v2\/posts"}],"about":[{"href":"https:\/\/www.lumarinho.com\/en\/wp-json\/wp\/v2\/types\/post"}],"author":[{"embeddable":true,"href":"https:\/\/www.lumarinho.com\/en\/wp-json\/wp\/v2\/users\/1"}],"replies":[{"embeddable":true,"href":"https:\/\/www.lumarinho.com\/en\/wp-json\/wp\/v2\/comments?post=1780"}],"version-history":[{"count":6,"href":"https:\/\/www.lumarinho.com\/en\/wp-json\/wp\/v2\/posts\/1780\/revisions"}],"predecessor-version":[{"id":1787,"href":"https:\/\/www.lumarinho.com\/en\/wp-json\/wp\/v2\/posts\/1780\/revisions\/1787"}],"wp:featuredmedia":[{"embeddable":true,"href":"https:\/\/www.lumarinho.com\/en\/wp-json\/wp\/v2\/media\/1221"}],"wp:attachment":[{"href":"https:\/\/www.lumarinho.com\/en\/wp-json\/wp\/v2\/media?parent=1780"}],"wp:term":[{"taxonomy":"category","embeddable":true,"href":"https:\/\/www.lumarinho.com\/en\/wp-json\/wp\/v2\/categories?post=1780"},{"taxonomy":"post_tag","embeddable":true,"href":"https:\/\/www.lumarinho.com\/en\/wp-json\/wp\/v2\/tags?post=1780"}],"curies":[{"name":"wp","href":"https:\/\/api.w.org\/{rel}","templated":true}]}}